{"id":11223,"date":"2019-11-10T13:52:15","date_gmt":"2019-11-10T12:52:15","guid":{"rendered":"https:\/\/mintgardens.ch\/madame-figaro-parle-de-nous\/"},"modified":"2019-11-10T13:52:15","modified_gmt":"2019-11-10T12:52:15","slug":"madame-figaro-parle-de-nous","status":"publish","type":"post","link":"https:\/\/mintgardens.ch\/en\/madame-figaro-parle-de-nous\/","title":{"rendered":"Madame Figaro parle de nous"},"content":{"rendered":"<h6><img loading=\"lazy\" class=\"alignnone size-full wp-image-4850 alignleft\" src=\"https:\/\/mintgardens.ch\/wp-content\/uploads\/2020\/05\/COUVERTURE-PRESS.jpg\" alt=\"Mint Gardens - Article Madame Figaro\" width=\"1529\" height=\"1591\" srcset=\"https:\/\/mintgardens.ch\/wp-content\/uploads\/2020\/05\/COUVERTURE-PRESS.jpg 1529w, https:\/\/mintgardens.ch\/wp-content\/uploads\/2020\/05\/COUVERTURE-PRESS-288x300.jpg 288w, https:\/\/mintgardens.ch\/wp-content\/uploads\/2020\/05\/COUVERTURE-PRESS-768x799.jpg 768w, https:\/\/mintgardens.ch\/wp-content\/uploads\/2020\/05\/COUVERTURE-PRESS-990x1030.jpg 990w, https:\/\/mintgardens.ch\/wp-content\/uploads\/2020\/05\/COUVERTURE-PRESS-36x36.jpg 36w, https:\/\/mintgardens.ch\/wp-content\/uploads\/2020\/05\/COUVERTURE-PRESS-1442x1500.jpg 1442w, https:\/\/mintgardens.ch\/wp-content\/uploads\/2020\/05\/COUVERTURE-PRESS-678x705.jpg 678w, https:\/\/mintgardens.ch\/wp-content\/uploads\/2020\/05\/COUVERTURE-PRESS-450x468.jpg 450w\" sizes=\"(max-width: 1529px) 100vw, 1529px\" \/><\/h6>\n<h6><\/h6>\n<h6><\/h6>\n<h6 style=\"text-align: left;\"><span style=\"color: #999999;\">Madame Figaro parle de nous ! <\/span><\/h6>\n<h6 style=\"text-align: left;\"><span style=\"color: #999999;\">Source : Madame Figaro<\/span><\/h6>\n<hr>\n<p style=\"text-align: left;\">Nous avons eu le plaisir d&#8217;\u00eatre mentionn\u00e9s dans les adresses incontournables Sp\u00e9cial immobilier et am\u00e9nagement en Suisse de Madame Figaro.<\/p>\n<p style=\"text-align: left;\">Madame Figaro nous a demand\u00e9 de montrer notre travail et parler de notre approche de la conception des jardins. A mon sens, un jardin bien con\u00e7u repr\u00e9sente une vraie plus-value pour son propri\u00e9taire : il est non seulement source de bien \u00eatre, mais augmente \u00e9galement la valeur d&#8217;un bien immobilier en le prolongeant et lui offrant un cadre harmonieux. <\/p>\n<p style=\"text-align: left;\">Je ne r\u00e9siste pas au plaisir de partager l&#8217;article :<\/p>\n<p style=\"text-align: left;\"><a href=\"http:\/\/adresses-incontournables.madame.lefigaro.fr\/shopping-boutiques\/mint-gardens-reinvente-le-jardin-ou-il-fait-bon-vivre\/\">http:\/\/adresses-incontournables.madame.lefigaro.fr\/shopping-boutiques\/mint-gardens-reinvente-le-jardin-ou-il-fait-bon-vivre\/<\/a><\/p>\n<!--[if lt IE 9]><script>document.createElement('video');<\/script><![endif]-->\n\t<div class=\"wp-playlist wp-video-playlist wp-playlist-light\">\n\t\t<video controls=\"controls\" preload=\"none\" width=\"1478\"\n\t\t height=\"738\"\t><\/video>\n\t<div class=\"wp-playlist-next\"><\/div>\n\t<div class=\"wp-playlist-prev\"><\/div>\n\t<noscript>\n\t<ol>\n\t\t<li><a href='https:\/\/mintgardens.ch\/wp-content\/uploads\/2020\/05\/Vid\u00e9o-article-Mint-Gardens-Madame-Figaro.mp4'>Vid\u00e9o article - Mint Gardens - Madame Figaro<\/a><\/li>\t<\/ol>\n\t<\/noscript>\n\t<script type=\"application\/json\" class=\"wp-playlist-script\">{\"type\":\"video\",\"tracklist\":false,\"tracknumbers\":true,\"images\":true,\"artists\":true,\"tracks\":[{\"src\":\"https:\\\/\\\/mintgardens.ch\\\/wp-content\\\/uploads\\\/2020\\\/05\\\/Vid\\u00e9o-article-Mint-Gardens-Madame-Figaro.mp4\",\"type\":\"video\\\/mp4\",\"title\":\"Vid\\u00e9o article - Mint Gardens - Madame Figaro\",\"caption\":\"\",\"description\":\"\",\"meta\":{\"length_formatted\":\"0:40\"},\"dimensions\":{\"original\":{\"width\":2522,\"height\":1260},\"resized\":{\"width\":1478,\"height\":738}},\"image\":{\"src\":\"https:\\\/\\\/mintgardens.ch\\\/wp-includes\\\/images\\\/media\\\/video.png\",\"width\":48,\"height\":64},\"thumb\":{\"src\":\"https:\\\/\\\/mintgardens.ch\\\/wp-includes\\\/images\\\/media\\\/video.png\",\"width\":48,\"height\":64}}]}<\/script>\n<\/div>\n\t\n<p style=\"text-align: left;\">J&#8217;esp\u00e8re que cet article vous a plu !<\/p>\n<p style=\"text-align: left;\"><strong>Marion Festal, <\/strong><strong>Mint Gardens<\/strong><\/p>\n<p style=\"text-align: left;\"><em>Si vous souhaitez profiter de votre jardin ou de votre terrasse en toute saison, prenons rendez-vous afin d\u2019en discuter ensemble. <\/em><\/p>\n<p style=\"text-align: left;\">\n","protected":false},"excerpt":{"rendered":"<p>J\u2019ai eu le grand plaisir d&#8217;\u00eatre interview\u00e9e par Madame Figaro sur le m\u00e9tier d&#8217;architecte paysagiste. Retour sur cet article publi\u00e9 dans les adresses incontournables.  <\/p>\n","protected":false},"author":3,"featured_media":11051,"comment_status":"closed","ping_status":"closed","sticky":false,"template":"","format":"standard","meta":{"_monsterinsights_skip_tracking":false,"_monsterinsights_sitenote_active":false,"_monsterinsights_sitenote_note":"","_monsterinsights_sitenote_category":0},"categories":[100],"tags":[101,105,99,103],"yoast_head":"<!-- This site is optimized with the Yoast SEO plugin v19.4 - https:\/\/yoast.com\/wordpress\/plugins\/seo\/ -->\n<title>Madame Figaro parle de nous - Mint Gardens | Architecte paysagiste \u00e0 Gen\u00e8ve - Jardins et terrasses d&#039;exception<\/title>\n<meta name=\"description\" content=\"J\u2019ai eu le grand d&#039;\u00eatre interview\u00e9e par Madame Figaro sur le m\u00e9tier d&#039;architecte paysagiste, retour sur cet article publi\u00e9 dans les adresses incontournables\" \/>\n<meta name=\"robots\" content=\"index, follow, max-snippet:-1, max-image-preview:large, max-video-preview:-1\" \/>\n<link rel=\"canonical\" href=\"https:\/\/mintgardens.ch\/en\/madame-figaro-parle-de-nous\/\" \/>\n<meta property=\"og:locale\" content=\"en_US\" \/>\n<meta property=\"og:type\" content=\"article\" \/>\n<meta property=\"og:title\" content=\"Madame Figaro parle de nous - Mint Gardens | Architecte paysagiste \u00e0 Gen\u00e8ve - Jardins et terrasses d&#039;exception\" \/>\n<meta property=\"og:description\" content=\"J\u2019ai eu le grand d&#039;\u00eatre interview\u00e9e par Madame Figaro sur le m\u00e9tier d&#039;architecte paysagiste, retour sur cet article publi\u00e9 dans les adresses incontournables\" \/>\n<meta property=\"og:url\" content=\"https:\/\/mintgardens.ch\/en\/madame-figaro-parle-de-nous\/\" \/>\n<meta property=\"og:site_name\" content=\"Mint Gardens | Architecte paysagiste \u00e0 Gen\u00e8ve - Jardins et terrasses d&#039;exception\" \/>\n<meta property=\"article:publisher\" content=\"https:\/\/www.facebook.com\/mint.gardens\/\" \/>\n<meta property=\"article:published_time\" content=\"2019-11-10T12:52:15+00:00\" \/>\n<meta property=\"og:image\" content=\"https:\/\/mintgardens.ch\/wp-content\/uploads\/2019\/11\/madame-figaro.jpeg\" \/>\n\t<meta property=\"og:image:width\" content=\"495\" \/>\n\t<meta property=\"og:image:height\" content=\"400\" \/>\n\t<meta property=\"og:image:type\" content=\"image\/jpeg\" \/>\n<meta name=\"author\" content=\"Marion Festal\" \/>\n<meta name=\"twitter:card\" content=\"summary\" \/>\n<meta name=\"twitter:label1\" content=\"Written by\" \/>\n\t<meta name=\"twitter:data1\" content=\"Marion Festal\" \/>\n\t<meta name=\"twitter:label2\" content=\"Est. reading time\" \/>\n\t<meta name=\"twitter:data2\" content=\"1 minute\" \/>\n<script type=\"application\/ld+json\" class=\"yoast-schema-graph\">{\"@context\":\"https:\/\/schema.org\",\"@graph\":[{\"@type\":\"WebSite\",\"@id\":\"https:\/\/mintgardens.ch\/#website\",\"url\":\"https:\/\/mintgardens.ch\/\",\"name\":\"Mint Gardens | Architecte paysagiste \u00e0 Gen\u00e8ve - Jardins et terrasses d&#039;exception\",\"description\":\"Mint Gardens est un bureau d&#039;architectes paysagistes bas\u00e9 \u00e0 Gen\u00e8ve qui con\u00e7oit pour ses clients en Suisse et \u00e0 l&#039;\u00e9tranger des jardins et terrasses d&#039;exception\",\"potentialAction\":[{\"@type\":\"SearchAction\",\"target\":{\"@type\":\"EntryPoint\",\"urlTemplate\":\"https:\/\/mintgardens.ch\/?s={search_term_string}\"},\"query-input\":\"required name=search_term_string\"}],\"inLanguage\":\"en-US\"},{\"@type\":\"WebPage\",\"@id\":\"https:\/\/mintgardens.ch\/en\/madame-figaro-parle-de-nous\/\",\"url\":\"https:\/\/mintgardens.ch\/en\/madame-figaro-parle-de-nous\/\",\"name\":\"Madame Figaro parle de nous - Mint Gardens | Architecte paysagiste \u00e0 Gen\u00e8ve - Jardins et terrasses d&#039;exception\",\"isPartOf\":{\"@id\":\"https:\/\/mintgardens.ch\/#website\"},\"datePublished\":\"2019-11-10T12:52:15+00:00\",\"dateModified\":\"2019-11-10T12:52:15+00:00\",\"author\":{\"@id\":\"https:\/\/mintgardens.ch\/#\/schema\/person\/8f6cb947e15a73c278205dec844ff62c\"},\"description\":\"J\u2019ai eu le grand d'\u00eatre interview\u00e9e par Madame Figaro sur le m\u00e9tier d'architecte paysagiste, retour sur cet article publi\u00e9 dans les adresses incontournables\",\"breadcrumb\":{\"@id\":\"https:\/\/mintgardens.ch\/en\/madame-figaro-parle-de-nous\/#breadcrumb\"},\"inLanguage\":\"en-US\",\"potentialAction\":[{\"@type\":\"ReadAction\",\"target\":[\"https:\/\/mintgardens.ch\/en\/madame-figaro-parle-de-nous\/\"]}]},{\"@type\":\"BreadcrumbList\",\"@id\":\"https:\/\/mintgardens.ch\/en\/madame-figaro-parle-de-nous\/#breadcrumb\",\"itemListElement\":[{\"@type\":\"ListItem\",\"position\":1,\"name\":\"Accueil\",\"item\":\"https:\/\/mintgardens.ch\/\"},{\"@type\":\"ListItem\",\"position\":2,\"name\":\"Madame Figaro parle de nous\"}]},{\"@type\":\"Person\",\"@id\":\"https:\/\/mintgardens.ch\/#\/schema\/person\/8f6cb947e15a73c278205dec844ff62c\",\"name\":\"Marion Festal\",\"image\":{\"@type\":\"ImageObject\",\"inLanguage\":\"en-US\",\"@id\":\"https:\/\/mintgardens.ch\/#\/schema\/person\/image\/\",\"url\":\"https:\/\/secure.gravatar.com\/avatar\/40e185261a6018d377a2954112dc6320?s=96&d=mm&r=g\",\"contentUrl\":\"https:\/\/secure.gravatar.com\/avatar\/40e185261a6018d377a2954112dc6320?s=96&d=mm&r=g\",\"caption\":\"Marion Festal\"},\"sameAs\":[\"http:\/\/www.mintgardens.ch\"],\"url\":\"https:\/\/mintgardens.ch\/en\/author\/marion\/\"}]}<\/script>\n<!-- \/ Yoast SEO plugin. -->","yoast_head_json":{"title":"Madame Figaro parle de nous - Mint Gardens | Architecte paysagiste \u00e0 Gen\u00e8ve - Jardins et terrasses d&#039;exception","description":"J\u2019ai eu le grand d'\u00eatre interview\u00e9e par Madame Figaro sur le m\u00e9tier d'architecte paysagiste, retour sur cet article publi\u00e9 dans les adresses incontournables","robots":{"index":"index","follow":"follow","max-snippet":"max-snippet:-1","max-image-preview":"max-image-preview:large","max-video-preview":"max-video-preview:-1"},"canonical":"https:\/\/mintgardens.ch\/en\/madame-figaro-parle-de-nous\/","og_locale":"en_US","og_type":"article","og_title":"Madame Figaro parle de nous - Mint Gardens | Architecte paysagiste \u00e0 Gen\u00e8ve - Jardins et terrasses d&#039;exception","og_description":"J\u2019ai eu le grand d'\u00eatre interview\u00e9e par Madame Figaro sur le m\u00e9tier d'architecte paysagiste, retour sur cet article publi\u00e9 dans les adresses incontournables","og_url":"https:\/\/mintgardens.ch\/en\/madame-figaro-parle-de-nous\/","og_site_name":"Mint Gardens | Architecte paysagiste \u00e0 Gen\u00e8ve - Jardins et terrasses d&#039;exception","article_publisher":"https:\/\/www.facebook.com\/mint.gardens\/","article_published_time":"2019-11-10T12:52:15+00:00","og_image":[{"width":495,"height":400,"url":"https:\/\/mintgardens.ch\/wp-content\/uploads\/2019\/11\/madame-figaro.jpeg","type":"image\/jpeg"}],"author":"Marion Festal","twitter_card":"summary","twitter_misc":{"Written by":"Marion Festal","Est. reading time":"1 minute"},"schema":{"@context":"https:\/\/schema.org","@graph":[{"@type":"WebSite","@id":"https:\/\/mintgardens.ch\/#website","url":"https:\/\/mintgardens.ch\/","name":"Mint Gardens | Architecte paysagiste \u00e0 Gen\u00e8ve - Jardins et terrasses d&#039;exception","description":"Mint Gardens est un bureau d&#039;architectes paysagistes bas\u00e9 \u00e0 Gen\u00e8ve qui con\u00e7oit pour ses clients en Suisse et \u00e0 l&#039;\u00e9tranger des jardins et terrasses d&#039;exception","potentialAction":[{"@type":"SearchAction","target":{"@type":"EntryPoint","urlTemplate":"https:\/\/mintgardens.ch\/?s={search_term_string}"},"query-input":"required name=search_term_string"}],"inLanguage":"en-US"},{"@type":"WebPage","@id":"https:\/\/mintgardens.ch\/en\/madame-figaro-parle-de-nous\/","url":"https:\/\/mintgardens.ch\/en\/madame-figaro-parle-de-nous\/","name":"Madame Figaro parle de nous - Mint Gardens | Architecte paysagiste \u00e0 Gen\u00e8ve - Jardins et terrasses d&#039;exception","isPartOf":{"@id":"https:\/\/mintgardens.ch\/#website"},"datePublished":"2019-11-10T12:52:15+00:00","dateModified":"2019-11-10T12:52:15+00:00","author":{"@id":"https:\/\/mintgardens.ch\/#\/schema\/person\/8f6cb947e15a73c278205dec844ff62c"},"description":"J\u2019ai eu le grand d'\u00eatre interview\u00e9e par Madame Figaro sur le m\u00e9tier d'architecte paysagiste, retour sur cet article publi\u00e9 dans les adresses incontournables","breadcrumb":{"@id":"https:\/\/mintgardens.ch\/en\/madame-figaro-parle-de-nous\/#breadcrumb"},"inLanguage":"en-US","potentialAction":[{"@type":"ReadAction","target":["https:\/\/mintgardens.ch\/en\/madame-figaro-parle-de-nous\/"]}]},{"@type":"BreadcrumbList","@id":"https:\/\/mintgardens.ch\/en\/madame-figaro-parle-de-nous\/#breadcrumb","itemListElement":[{"@type":"ListItem","position":1,"name":"Accueil","item":"https:\/\/mintgardens.ch\/"},{"@type":"ListItem","position":2,"name":"Madame Figaro parle de nous"}]},{"@type":"Person","@id":"https:\/\/mintgardens.ch\/#\/schema\/person\/8f6cb947e15a73c278205dec844ff62c","name":"Marion Festal","image":{"@type":"ImageObject","inLanguage":"en-US","@id":"https:\/\/mintgardens.ch\/#\/schema\/person\/image\/","url":"https:\/\/secure.gravatar.com\/avatar\/40e185261a6018d377a2954112dc6320?s=96&d=mm&r=g","contentUrl":"https:\/\/secure.gravatar.com\/avatar\/40e185261a6018d377a2954112dc6320?s=96&d=mm&r=g","caption":"Marion Festal"},"sameAs":["http:\/\/www.mintgardens.ch"],"url":"https:\/\/mintgardens.ch\/en\/author\/marion\/"}]}},"_links":{"self":[{"href":"https:\/\/mintgardens.ch\/en\/wp-json\/wp\/v2\/posts\/11223"}],"collection":[{"href":"https:\/\/mintgardens.ch\/en\/wp-json\/wp\/v2\/posts"}],"about":[{"href":"https:\/\/mintgardens.ch\/en\/wp-json\/wp\/v2\/types\/post"}],"author":[{"embeddable":true,"href":"https:\/\/mintgardens.ch\/en\/wp-json\/wp\/v2\/users\/3"}],"replies":[{"embeddable":true,"href":"https:\/\/mintgardens.ch\/en\/wp-json\/wp\/v2\/comments?post=11223"}],"version-history":[{"count":0,"href":"https:\/\/mintgardens.ch\/en\/wp-json\/wp\/v2\/posts\/11223\/revisions"}],"wp:featuredmedia":[{"embeddable":true,"href":"https:\/\/mintgardens.ch\/en\/wp-json\/wp\/v2\/media\/11051"}],"wp:attachment":[{"href":"https:\/\/mintgardens.ch\/en\/wp-json\/wp\/v2\/media?parent=11223"}],"wp:term":[{"taxonomy":"category","embeddable":true,"href":"https:\/\/mintgardens.ch\/en\/wp-json\/wp\/v2\/categories?post=11223"},{"taxonomy":"post_tag","embeddable":true,"href":"https:\/\/mintgardens.ch\/en\/wp-json\/wp\/v2\/tags?post=11223"}],"curies":[{"name":"wp","href":"https:\/\/api.w.org\/{rel}","templated":true}]}}